{"id":1805,"date":"2013-03-25T17:53:51","date_gmt":"2013-03-25T16:53:51","guid":{"rendered":"http:\/\/ergoreklama.pl\/calisianew\/?p=1805"},"modified":"2013-03-25T17:53:51","modified_gmt":"2013-03-25T16:53:51","slug":"walny-zjazd-delegatow-polskiej-federacji-ornitologicznej-2013","status":"publish","type":"post","link":"https:\/\/calisiahodowcy.pl\/?p=1805","title":{"rendered":"Walny Zjazd Delegat\u00f3w  Polskiej Federacji Ornitologicznej 2013"},"content":{"rendered":"<h2><\/h2>\n<p><img loading=\"lazy\" decoding=\"async\" class=\"alignleft size-thumbnail wp-image-586\" title=\"PFO_flaga\" src=\"https:\/\/calisiahodowcy.pl\/wp-content\/uploads\/2011\/04\/PFO_flaga-150x150.jpg\" alt=\"\" width=\"150\" height=\"150\" srcset=\"https:\/\/calisiahodowcy.pl\/wp-content\/uploads\/2011\/04\/PFO_flaga-150x150.jpg 150w, https:\/\/calisiahodowcy.pl\/wp-content\/uploads\/2011\/04\/PFO_flaga.jpg 300w\" sizes=\"auto, (max-width: 150px) 100vw, 150px\" \/><\/p>\n<h3><\/h3>\n<p>23 marca 2013 roku w Katowicach odby\u0142o si\u0119 Walne Zebranie Delegat\u00f3w Polskiej Federacji Ornitologicznej.<br \/>\nNasze Stowarzyszenie reprezentowali koledzy:<br \/>\n<a title=\"zobacz galeri\u0119 Andrzeja Werbli\u0144skiego\" href=\"https:\/\/calisiahodowcy.pl\/?page_id=538\">Andrzej Werbli\u0144ski<\/a>, <a title=\"zobacz galeri\u0119 Leonarda Majdy\" href=\"https:\/\/calisiahodowcy.pl\/?page_id=826\">Leonard Majda<\/a>, <a title=\"zobacz galeri\u0119 Rados\u0142awa Musielaka\" href=\"https:\/\/calisiahodowcy.pl\/?page_id=997\">Rados\u0142aw Musielak<\/a>.<\/p>\n<p>Postanowienia Walnego Zebrania to mi\u0119dzy innymi:<br \/>\n&#8211; podtrzymanie wysoko\u015bci sk\u0142adki cz\u0142onkowskiej na poziomie 30 z\u0142otych\/rok,<br \/>\n&#8211; zniesienie sk\u0142adki od niepe\u0142noletnich cz\u0142onk\u00f3w stowarzysze\u0144,<br \/>\n&#8211; rozwi\u0105zanie problemu p\u0142acenia sk\u0142adki cz\u0142onkowskiej cz\u0142onk\u00f3w nabywaj\u0105cych \u00a0\u00a0\u00a0\u00a0cz\u0142onkostwo (i CIH) w czasie trwania roku (nie na dzie\u0144 1 stycznia danego roku),<br \/>\n&#8211; plan rozbudowy oprogramowania informatycznego do obs\u0142ugi PFO i otwarcie go na \u00a0\u00a0\u00a0\u00a0nowe aktywno\u015bci,<br \/>\n&#8211; deklaracja Rady Federacji, \u017ce opracuje zasady korzystania przez stowarzyszenia<br \/>\nz programu do obs\u0142ugi wystaw,<br \/>\n&#8211; przyj\u0119cie jako cz\u0142onka rzeczywistego <a title=\"przejd\u017a do strony OSHME GOULDA\" href=\"http:\/\/okhme-goulda.pl.tl\/\" target=\"blanc\">Og\u00f3lnopolskiego Stowarzyszenia Hodowc\u00f3w \u00a0\u00a0\u00a0\u00a0Ma\u0142ej Egzotyki GOULDA<\/a> z Zabrza.<\/p>\n<p><object id=\"o\" width=\"600\" height=\"450\" classid=\"clsid:d27cdb6e-ae6d-11cf-96b8-444553540000\" codebase=\"http:\/\/download.macromedia.com\/pub\/shockwave\/cabs\/flash\/swflash.cab#version=6,0,40,0\"><param name=\"allowFullScreen\" value=\"true\" \/><param name=\"allowScriptAccess\" value=\"always\" \/><param name=\"flashvars\" value=\"feed=http:\/\/www.calisiahodowcy.pl\/wp-content\/galeria\/ZjazdPFO2013\/zjazdPFO2013.xml&amp;style=white&amp;numRows=1&amp;glowColor=#0d88f1&amp;font=Verdana&amp;cellBorder=6&amp;backgroundImage=http:\/\/www.calisiahodowcy.pl\/wp-content\/player\/zjazd\/tlo.jpg&amp;showEmbed=false\" \/><param name=\"src\" value=\"http:\/\/www.calisiahodowcy.pl\/wp-content\/galeria\/cooliris.swf\" \/><param name=\"allowfullscreen\" value=\"true\" \/><embed id=\"o\" type=\"application\/x-shockwave-flash\" width=\"600\" height=\"450\" src=\"http:\/\/www.calisiahodowcy.pl\/wp-content\/galeria\/cooliris.swf\" flashvars=\"feed=http:\/\/www.calisiahodowcy.pl\/wp-content\/galeria\/ZjazdPFO2013\/zjazdPFO2013.xml&amp;style=white&amp;numRows=1&amp;glowColor=#0d88f1&amp;font=Verdana&amp;cellBorder=6&amp;backgroundImage=http:\/\/www.calisiahodowcy.pl\/wp-content\/player\/zjazd\/tlo.jpg&amp;showEmbed=false\" allowscriptaccess=\"always\" allowfullscreen=\"allowfullscreen\" \/><\/object><\/p>\n","protected":false},"excerpt":{"rendered":"<p>23 marca 2013 roku w Katowicach odby\u0142o si\u0119 Walne Zebranie Delegat\u00f3w Polskiej Federacji Ornitologicznej. Nasze Stowarzyszenie reprezentowali koledzy: Andrzej Werbli\u0144ski, Leonard Majda, Rados\u0142aw Musielak. Postanowienia Walnego Zebrania to mi\u0119dzy innymi: &#8211; podtrzymanie wysoko\u015bci sk\u0142adki cz\u0142onkowskiej na poziomie 30 z\u0142otych\/rok, &#8211; zniesienie sk\u0142adki od niepe\u0142noletnich cz\u0142onk\u00f3w stowarzysze\u0144, &#8211; rozwi\u0105zanie problemu p\u0142acenia sk\u0142adki cz\u0142onkowskiej cz\u0142onk\u00f3w nabywaj\u0105cych \u00a0\u00a0\u00a0\u00a0cz\u0142onkostwo &hellip; <\/p>\n<p class=\"link-more\"><a href=\"https:\/\/calisiahodowcy.pl\/?p=1805\" class=\"more-link\">Czytaj dalej<span class=\"screen-reader-text\"> \u201eWalny Zjazd Delegat\u00f3w  Polskiej Federacji Ornitologicznej 2013\u201d<\/span><\/a><\/p>\n","protected":false},"author":1,"featured_media":0,"comment_status":"open","ping_status":"open","sticky":false,"template":"","format":"standard","meta":{"footnotes":""},"categories":[12,15],"tags":[],"class_list":["post-1805","post","type-post","status-publish","format-standard","hentry","category-aktualnosci","category-walne-zebrania"],"aioseo_notices":[],"_links":{"self":[{"href":"https:\/\/calisiahodowcy.pl\/index.php?rest_route=\/wp\/v2\/posts\/1805","targetHints":{"allow":["GET"]}}],"collection":[{"href":"https:\/\/calisiahodowcy.pl\/index.php?rest_route=\/wp\/v2\/posts"}],"about":[{"href":"https:\/\/calisiahodowcy.pl\/index.php?rest_route=\/wp\/v2\/types\/post"}],"author":[{"embeddable":true,"href":"https:\/\/calisiahodowcy.pl\/index.php?rest_route=\/wp\/v2\/users\/1"}],"replies":[{"embeddable":true,"href":"https:\/\/calisiahodowcy.pl\/index.php?rest_route=%2Fwp%2Fv2%2Fcomments&post=1805"}],"version-history":[{"count":0,"href":"https:\/\/calisiahodowcy.pl\/index.php?rest_route=\/wp\/v2\/posts\/1805\/revisions"}],"wp:attachment":[{"href":"https:\/\/calisiahodowcy.pl\/index.php?rest_route=%2Fwp%2Fv2%2Fmedia&parent=1805"}],"wp:term":[{"taxonomy":"category","embeddable":true,"href":"https:\/\/calisiahodowcy.pl\/index.php?rest_route=%2Fwp%2Fv2%2Fcategories&post=1805"},{"taxonomy":"post_tag","embeddable":true,"href":"https:\/\/calisiahodowcy.pl\/index.php?rest_route=%2Fwp%2Fv2%2Ftags&post=1805"}],"curies":[{"name":"wp","href":"https:\/\/api.w.org\/{rel}","templated":true}]}}