{"id":1777,"date":"2012-03-24T17:19:59","date_gmt":"2012-03-24T16:19:59","guid":{"rendered":"http:\/\/ergoreklama.pl\/calisianew\/?p=1777"},"modified":"2012-03-24T17:19:59","modified_gmt":"2012-03-24T16:19:59","slug":"walne-zebranie-delegatow-polskiej-federacji-ornitologicznej","status":"publish","type":"post","link":"https:\/\/calisiahodowcy.pl\/?p=1777","title":{"rendered":"Walne Zebranie Delegat\u00f3w Polskiej Federacji Ornitologicznej"},"content":{"rendered":"<h2> <\/h2>\n<p><img loading=\"lazy\" decoding=\"async\" class=\"alignleft size-thumbnail wp-image-586\" src=\"https:\/\/calisiahodowcy.pl\/wp-content\/uploads\/2011\/04\/PFO_flaga-150x150.jpg\" alt=\"\" width=\"150\" height=\"150\" srcset=\"https:\/\/calisiahodowcy.pl\/wp-content\/uploads\/2011\/04\/PFO_flaga-150x150.jpg 150w, https:\/\/calisiahodowcy.pl\/wp-content\/uploads\/2011\/04\/PFO_flaga.jpg 300w\" sizes=\"auto, (max-width: 150px) 100vw, 150px\" \/><br \/>\n24 marca 2012 roku w Katowicach odby\u0142o si\u0119 Walne Zebranie Delegat\u00f3w <a href=\"http:\/\/pfo.info.pl\" title=\"Strona Polskiej Federacji Ornitologicznej\" target=\"_blank\">Polskiej Federacji Ornitologicznej<\/a>. W spotkaniu wzi\u0119\u0142o udzia\u0142 45 delegat\u00f3w z 14 stowarzysze\u0144 cz\u0142onkowskich, nas reprezentowali koledzy: <a href=\"https:\/\/calisiahodowcy.pl\/?page_id=538\" title=\"kliknij aby obejrze\u0107 hodowle\">Andrzej Werbli\u0144ski<\/a>, <a href=\"https:\/\/calisiahodowcy.pl\/?page_id=826\" title=\"kliknij aby obejrze\u0107 hodowle\">Leonard Majda<\/a>, <a href=\"https:\/\/calisiahodowcy.pl\/?page_id=997\" title=\"kliknij aby obejrze\u0107 hodowle\">Rados\u0142aw Musielak<\/a>. Na Zebraniu przyj\u0119li\u015bmy sprawozdanie z dzia\u0142alno\u015bci Rady Federacji oraz sprawozdanie finansowe, zatwierdzili\u015bmy decyzj\u0119 dotycz\u0105c\u0105 przyj\u0119cia krakowskiego stowarzyszenia <a href=\"http:\/\/barrabanda.pl\/\" title=\"Krakowskie Stowarzyszenie Hodowc\u00f3w Kanark\u00f3w i Ptak\u00f3w Egzotycznych BARRABANDA\" target=\"_blank\">Barrabanda<\/a>, chwalili\u015bmy na 30 z\u0142 wysoko\u015b\u0107 sk\u0142adki na rzecz PFO za rok 2013. Rozmawiali\u015bmy o zmianach w Sekcji S\u0119dzi\u00f3w oraz COM i OMJ, tak\u017ce o sposobie zamawiania obr\u0105czek hodowlanych.<br \/>\nPoruszona zosta\u0142a r\u00f3wnie\u017c kwestia organizacji Mistrzostw Polski i udzia\u0142 naszych polskich hodowc\u00f3w w 61 Ornitologicznych Mistrzostwa \u015awiata w Hasselt w przysz\u0142ym roku.<\/span><\/p>\n<p><object id=\"o\" classid=\"clsid:d27cdb6e-ae6d-11cf-96b8-444553540000\" width=\"600\" height=\"450\" codebase=\"http:\/\/download.macromedia.com\/pub\/shockwave\/cabs\/flash\/swflash.cab#version=6,0,40,0\"><param name=\"allowFullScreen\" value=\"true\" \/><param name=\"allowScriptAccess\" value=\"always\" \/><param name=\"flashvars\" value=\"feed=http:\/\/www.calisiahodowcy.pl\/wp-content\/galeria\/ZjazdPFO2012\/zjazdPFO2012.xml&amp;style=white&amp;numRows=2&amp;glowColor=#0d88f1&amp;font=Verdana&amp;cellBorder=6&amp;backgroundImage=http:\/\/www.calisiahodowcy.pl\/wp-content\/player\/zjazd\/tlo.jpg&amp;showEmbed=false\" \/><param name=\"src\" value=\"http:\/\/www.calisiahodowcy.pl\/wp-content\/galeria\/cooliris.swf\" \/><param name=\"allowfullscreen\" value=\"true\" \/><embed id=\"o\" type=\"application\/x-shockwave-flash\" width=\"600\" height=\"450\" src=\"http:\/\/www.calisiahodowcy.pl\/wp-content\/galeria\/cooliris.swf\" flashvars=\"feed=http:\/\/www.calisiahodowcy.pl\/wp-content\/galeria\/ZjazdPFO2012\/\/zjazdPFO2012.xml&amp;style=white&amp;numRows=2&amp;glowColor=#0d88f1&amp;font=Verdana&amp;cellBorder=6&amp;backgroundImage=http:\/\/www.calisiahodowcy.pl\/wp-content\/player\/zjazd\/tlo.jpg&amp;showEmbed=false\" allowscriptaccess=\"always\" allowfullscreen=\"true\"><\/embed><\/object><\/p>\n","protected":false},"excerpt":{"rendered":"<p>24 marca 2012 roku w Katowicach odby\u0142o si\u0119 Walne Zebranie Delegat\u00f3w Polskiej Federacji Ornitologicznej. W spotkaniu wzi\u0119\u0142o udzia\u0142 45 delegat\u00f3w z 14 stowarzysze\u0144 cz\u0142onkowskich, nas reprezentowali koledzy: Andrzej Werbli\u0144ski, Leonard Majda, Rados\u0142aw Musielak. Na Zebraniu przyj\u0119li\u015bmy sprawozdanie z dzia\u0142alno\u015bci Rady Federacji oraz sprawozdanie finansowe, zatwierdzili\u015bmy decyzj\u0119 dotycz\u0105c\u0105 przyj\u0119cia krakowskiego stowarzyszenia Barrabanda, chwalili\u015bmy na 30 z\u0142 &hellip; <\/p>\n<p class=\"link-more\"><a href=\"https:\/\/calisiahodowcy.pl\/?p=1777\" class=\"more-link\">Czytaj dalej<span class=\"screen-reader-text\"> \u201eWalne Zebranie Delegat\u00f3w Polskiej Federacji Ornitologicznej\u201d<\/span><\/a><\/p>\n","protected":false},"author":1,"featured_media":0,"comment_status":"open","ping_status":"open","sticky":false,"template":"","format":"standard","meta":{"footnotes":""},"categories":[12,15],"tags":[],"class_list":["post-1777","post","type-post","status-publish","format-standard","hentry","category-aktualnosci","category-walne-zebrania"],"aioseo_notices":[],"_links":{"self":[{"href":"https:\/\/calisiahodowcy.pl\/index.php?rest_route=\/wp\/v2\/posts\/1777","targetHints":{"allow":["GET"]}}],"collection":[{"href":"https:\/\/calisiahodowcy.pl\/index.php?rest_route=\/wp\/v2\/posts"}],"about":[{"href":"https:\/\/calisiahodowcy.pl\/index.php?rest_route=\/wp\/v2\/types\/post"}],"author":[{"embeddable":true,"href":"https:\/\/calisiahodowcy.pl\/index.php?rest_route=\/wp\/v2\/users\/1"}],"replies":[{"embeddable":true,"href":"https:\/\/calisiahodowcy.pl\/index.php?rest_route=%2Fwp%2Fv2%2Fcomments&post=1777"}],"version-history":[{"count":0,"href":"https:\/\/calisiahodowcy.pl\/index.php?rest_route=\/wp\/v2\/posts\/1777\/revisions"}],"wp:attachment":[{"href":"https:\/\/calisiahodowcy.pl\/index.php?rest_route=%2Fwp%2Fv2%2Fmedia&parent=1777"}],"wp:term":[{"taxonomy":"category","embeddable":true,"href":"https:\/\/calisiahodowcy.pl\/index.php?rest_route=%2Fwp%2Fv2%2Fcategories&post=1777"},{"taxonomy":"post_tag","embeddable":true,"href":"https:\/\/calisiahodowcy.pl\/index.php?rest_route=%2Fwp%2Fv2%2Ftags&post=1777"}],"curies":[{"name":"wp","href":"https:\/\/api.w.org\/{rel}","templated":true}]}}